{"id":472,"date":"2026-02-14T18:03:27","date_gmt":"2026-02-14T18:03:27","guid":{"rendered":"https:\/\/nsvisitacion.archimadrid.es\/?p=472"},"modified":"2026-02-14T18:03:29","modified_gmt":"2026-02-14T18:03:29","slug":"javierada-jovenes-pamplona-2026","status":"publish","type":"post","link":"https:\/\/nsvisitacion.archimadrid.es\/index.php\/2026\/02\/14\/javierada-jovenes-pamplona-2026\/","title":{"rendered":"JAVIERADA J\u00d3VENES PAMPLONA 2026"},"content":{"rendered":"\n<ul class=\"wp-block-list\">\n<li>Del 6 al 8 de Marzo<\/li>\n\n\n\n<li>16-30 a\u00f1os<\/li>\n\n\n\n<li>La inscripciones se pueden hacer a trav\u00e9s del correo jovenes.ns.visitacion@gmail.com<br>Tel\u00e9fono de contacto-  \u00c1lvaro: 666 884 412<\/li>\n\n\n\n<li>Precio 55\u20ac<br><strong>Fecha l\u00edmite de inscripci\u00f3n es el 15 de febrero<\/strong><\/li>\n<\/ul>\n\n\n\n<figure class=\"wp-block-image aligncenter size-full\"><img loading=\"lazy\" decoding=\"async\" width=\"578\" height=\"416\" src=\"https:\/\/nsvisitacion.archimadrid.es\/wp-content\/uploads\/2026\/02\/Captura-de-pantalla-2026-02-14-182101.png\" alt=\"\" class=\"wp-image-473\" srcset=\"https:\/\/nsvisitacion.archimadrid.es\/wp-content\/uploads\/2026\/02\/Captura-de-pantalla-2026-02-14-182101.png 578w, https:\/\/nsvisitacion.archimadrid.es\/wp-content\/uploads\/2026\/02\/Captura-de-pantalla-2026-02-14-182101-300x216.png 300w\" sizes=\"auto, (max-width: 578px) 100vw, 578px\" \/><\/figure>\n","protected":false},"excerpt":{"rendered":"","protected":false},"author":1,"featured_media":0,"comment_status":"open","ping_status":"open","sticky":false,"template":"","format":"standard","meta":{"_kadence_starter_templates_imported_post":false,"footnotes":""},"categories":[1],"tags":[],"class_list":["post-472","post","type-post","status-publish","format-standard","hentry","category-avisos"],"yoast_head":"<!-- This site is optimized with the Yoast SEO plugin v25.8 - https:\/\/yoast.com\/wordpress\/plugins\/seo\/ -->\n<title>JAVIERADA J\u00d3VENES PAMPLONA 2026 - Parroquia Nuestra Se\u00f1ora de la Visitaci\u00f3n<\/title>\n<meta name=\"robots\" content=\"index, follow, max-snippet:-1, max-image-preview:large, max-video-preview:-1\" \/>\n<link rel=\"canonical\" href=\"https:\/\/nsvisitacion.archimadrid.es\/index.php\/2026\/02\/14\/javierada-jovenes-pamplona-2026\/\" \/>\n<meta property=\"og:locale\" content=\"es_ES\" \/>\n<meta property=\"og:type\" content=\"article\" \/>\n<meta property=\"og:title\" content=\"JAVIERADA J\u00d3VENES PAMPLONA 2026 - Parroquia Nuestra Se\u00f1ora de la Visitaci\u00f3n\" \/>\n<meta property=\"og:url\" content=\"https:\/\/nsvisitacion.archimadrid.es\/index.php\/2026\/02\/14\/javierada-jovenes-pamplona-2026\/\" \/>\n<meta property=\"og:site_name\" content=\"Parroquia Nuestra Se\u00f1ora de la Visitaci\u00f3n\" \/>\n<meta property=\"article:published_time\" content=\"2026-02-14T18:03:27+00:00\" \/>\n<meta property=\"article:modified_time\" content=\"2026-02-14T18:03:29+00:00\" \/>\n<meta property=\"og:image\" content=\"https:\/\/nsvisitacion.archimadrid.es\/wp-content\/uploads\/2026\/02\/Captura-de-pantalla-2026-02-14-182101.png\" \/>\n\t<meta property=\"og:image:width\" content=\"578\" \/>\n\t<meta property=\"og:image:height\" content=\"416\" \/>\n\t<meta property=\"og:image:type\" content=\"image\/png\" \/>\n<meta name=\"author\" content=\"admin\" \/>\n<meta name=\"twitter:card\" content=\"summary_large_image\" \/>\n<meta name=\"twitter:label1\" content=\"Escrito por\" \/>\n\t<meta name=\"twitter:data1\" content=\"admin\" \/>\n\t<meta name=\"twitter:label2\" content=\"Tiempo de lectura\" \/>\n\t<meta name=\"twitter:data2\" content=\"1 minuto\" \/>\n<script type=\"application\/ld+json\" class=\"yoast-schema-graph\">{\"@context\":\"https:\/\/schema.org\",\"@graph\":[{\"@type\":\"WebPage\",\"@id\":\"https:\/\/nsvisitacion.archimadrid.es\/index.php\/2026\/02\/14\/javierada-jovenes-pamplona-2026\/\",\"url\":\"https:\/\/nsvisitacion.archimadrid.es\/index.php\/2026\/02\/14\/javierada-jovenes-pamplona-2026\/\",\"name\":\"JAVIERADA J\u00d3VENES PAMPLONA 2026 - Parroquia Nuestra Se\u00f1ora de la Visitaci\u00f3n\",\"isPartOf\":{\"@id\":\"https:\/\/nsvisitacion.archimadrid.es\/#website\"},\"primaryImageOfPage\":{\"@id\":\"https:\/\/nsvisitacion.archimadrid.es\/index.php\/2026\/02\/14\/javierada-jovenes-pamplona-2026\/#primaryimage\"},\"image\":{\"@id\":\"https:\/\/nsvisitacion.archimadrid.es\/index.php\/2026\/02\/14\/javierada-jovenes-pamplona-2026\/#primaryimage\"},\"thumbnailUrl\":\"https:\/\/nsvisitacion.archimadrid.es\/wp-content\/uploads\/2026\/02\/Captura-de-pantalla-2026-02-14-182101.png\",\"datePublished\":\"2026-02-14T18:03:27+00:00\",\"dateModified\":\"2026-02-14T18:03:29+00:00\",\"author\":{\"@id\":\"https:\/\/nsvisitacion.archimadrid.es\/#\/schema\/person\/bf9f3add5f922a583053bb0da2b92ae7\"},\"breadcrumb\":{\"@id\":\"https:\/\/nsvisitacion.archimadrid.es\/index.php\/2026\/02\/14\/javierada-jovenes-pamplona-2026\/#breadcrumb\"},\"inLanguage\":\"es\",\"potentialAction\":[{\"@type\":\"ReadAction\",\"target\":[\"https:\/\/nsvisitacion.archimadrid.es\/index.php\/2026\/02\/14\/javierada-jovenes-pamplona-2026\/\"]}]},{\"@type\":\"ImageObject\",\"inLanguage\":\"es\",\"@id\":\"https:\/\/nsvisitacion.archimadrid.es\/index.php\/2026\/02\/14\/javierada-jovenes-pamplona-2026\/#primaryimage\",\"url\":\"https:\/\/nsvisitacion.archimadrid.es\/wp-content\/uploads\/2026\/02\/Captura-de-pantalla-2026-02-14-182101.png\",\"contentUrl\":\"https:\/\/nsvisitacion.archimadrid.es\/wp-content\/uploads\/2026\/02\/Captura-de-pantalla-2026-02-14-182101.png\",\"width\":578,\"height\":416},{\"@type\":\"BreadcrumbList\",\"@id\":\"https:\/\/nsvisitacion.archimadrid.es\/index.php\/2026\/02\/14\/javierada-jovenes-pamplona-2026\/#breadcrumb\",\"itemListElement\":[{\"@type\":\"ListItem\",\"position\":1,\"name\":\"Portada\",\"item\":\"https:\/\/nsvisitacion.archimadrid.es\/\"},{\"@type\":\"ListItem\",\"position\":2,\"name\":\"JAVIERADA J\u00d3VENES PAMPLONA 2026\"}]},{\"@type\":\"WebSite\",\"@id\":\"https:\/\/nsvisitacion.archimadrid.es\/#website\",\"url\":\"https:\/\/nsvisitacion.archimadrid.es\/\",\"name\":\"Parroquia Nuestra Se\u00f1ora de la Visitaci\u00f3n\",\"description\":\"\",\"potentialAction\":[{\"@type\":\"SearchAction\",\"target\":{\"@type\":\"EntryPoint\",\"urlTemplate\":\"https:\/\/nsvisitacion.archimadrid.es\/?s={search_term_string}\"},\"query-input\":{\"@type\":\"PropertyValueSpecification\",\"valueRequired\":true,\"valueName\":\"search_term_string\"}}],\"inLanguage\":\"es\"},{\"@type\":\"Person\",\"@id\":\"https:\/\/nsvisitacion.archimadrid.es\/#\/schema\/person\/bf9f3add5f922a583053bb0da2b92ae7\",\"name\":\"admin\",\"image\":{\"@type\":\"ImageObject\",\"inLanguage\":\"es\",\"@id\":\"https:\/\/nsvisitacion.archimadrid.es\/#\/schema\/person\/image\/\",\"url\":\"https:\/\/secure.gravatar.com\/avatar\/6b879385884d87ccb9ca4c4dcb003a3e1845dcae24875213cba03032028c27f7?s=96&d=mm&r=g\",\"contentUrl\":\"https:\/\/secure.gravatar.com\/avatar\/6b879385884d87ccb9ca4c4dcb003a3e1845dcae24875213cba03032028c27f7?s=96&d=mm&r=g\",\"caption\":\"admin\"},\"sameAs\":[\"https:\/\/nsvisitacion.archimadrid.es\"],\"url\":\"https:\/\/nsvisitacion.archimadrid.es\/index.php\/author\/nsvisitacion_9hghfdky\/\"}]}<\/script>\n<!-- \/ Yoast SEO plugin. -->","yoast_head_json":{"title":"JAVIERADA J\u00d3VENES PAMPLONA 2026 - Parroquia Nuestra Se\u00f1ora de la Visitaci\u00f3n","robots":{"index":"index","follow":"follow","max-snippet":"max-snippet:-1","max-image-preview":"max-image-preview:large","max-video-preview":"max-video-preview:-1"},"canonical":"https:\/\/nsvisitacion.archimadrid.es\/index.php\/2026\/02\/14\/javierada-jovenes-pamplona-2026\/","og_locale":"es_ES","og_type":"article","og_title":"JAVIERADA J\u00d3VENES PAMPLONA 2026 - Parroquia Nuestra Se\u00f1ora de la Visitaci\u00f3n","og_url":"https:\/\/nsvisitacion.archimadrid.es\/index.php\/2026\/02\/14\/javierada-jovenes-pamplona-2026\/","og_site_name":"Parroquia Nuestra Se\u00f1ora de la Visitaci\u00f3n","article_published_time":"2026-02-14T18:03:27+00:00","article_modified_time":"2026-02-14T18:03:29+00:00","og_image":[{"width":578,"height":416,"url":"https:\/\/nsvisitacion.archimadrid.es\/wp-content\/uploads\/2026\/02\/Captura-de-pantalla-2026-02-14-182101.png","type":"image\/png"}],"author":"admin","twitter_card":"summary_large_image","twitter_misc":{"Escrito por":"admin","Tiempo de lectura":"1 minuto"},"schema":{"@context":"https:\/\/schema.org","@graph":[{"@type":"WebPage","@id":"https:\/\/nsvisitacion.archimadrid.es\/index.php\/2026\/02\/14\/javierada-jovenes-pamplona-2026\/","url":"https:\/\/nsvisitacion.archimadrid.es\/index.php\/2026\/02\/14\/javierada-jovenes-pamplona-2026\/","name":"JAVIERADA J\u00d3VENES PAMPLONA 2026 - Parroquia Nuestra Se\u00f1ora de la Visitaci\u00f3n","isPartOf":{"@id":"https:\/\/nsvisitacion.archimadrid.es\/#website"},"primaryImageOfPage":{"@id":"https:\/\/nsvisitacion.archimadrid.es\/index.php\/2026\/02\/14\/javierada-jovenes-pamplona-2026\/#primaryimage"},"image":{"@id":"https:\/\/nsvisitacion.archimadrid.es\/index.php\/2026\/02\/14\/javierada-jovenes-pamplona-2026\/#primaryimage"},"thumbnailUrl":"https:\/\/nsvisitacion.archimadrid.es\/wp-content\/uploads\/2026\/02\/Captura-de-pantalla-2026-02-14-182101.png","datePublished":"2026-02-14T18:03:27+00:00","dateModified":"2026-02-14T18:03:29+00:00","author":{"@id":"https:\/\/nsvisitacion.archimadrid.es\/#\/schema\/person\/bf9f3add5f922a583053bb0da2b92ae7"},"breadcrumb":{"@id":"https:\/\/nsvisitacion.archimadrid.es\/index.php\/2026\/02\/14\/javierada-jovenes-pamplona-2026\/#breadcrumb"},"inLanguage":"es","potentialAction":[{"@type":"ReadAction","target":["https:\/\/nsvisitacion.archimadrid.es\/index.php\/2026\/02\/14\/javierada-jovenes-pamplona-2026\/"]}]},{"@type":"ImageObject","inLanguage":"es","@id":"https:\/\/nsvisitacion.archimadrid.es\/index.php\/2026\/02\/14\/javierada-jovenes-pamplona-2026\/#primaryimage","url":"https:\/\/nsvisitacion.archimadrid.es\/wp-content\/uploads\/2026\/02\/Captura-de-pantalla-2026-02-14-182101.png","contentUrl":"https:\/\/nsvisitacion.archimadrid.es\/wp-content\/uploads\/2026\/02\/Captura-de-pantalla-2026-02-14-182101.png","width":578,"height":416},{"@type":"BreadcrumbList","@id":"https:\/\/nsvisitacion.archimadrid.es\/index.php\/2026\/02\/14\/javierada-jovenes-pamplona-2026\/#breadcrumb","itemListElement":[{"@type":"ListItem","position":1,"name":"Portada","item":"https:\/\/nsvisitacion.archimadrid.es\/"},{"@type":"ListItem","position":2,"name":"JAVIERADA J\u00d3VENES PAMPLONA 2026"}]},{"@type":"WebSite","@id":"https:\/\/nsvisitacion.archimadrid.es\/#website","url":"https:\/\/nsvisitacion.archimadrid.es\/","name":"Parroquia Nuestra Se\u00f1ora de la Visitaci\u00f3n","description":"","potentialAction":[{"@type":"SearchAction","target":{"@type":"EntryPoint","urlTemplate":"https:\/\/nsvisitacion.archimadrid.es\/?s={search_term_string}"},"query-input":{"@type":"PropertyValueSpecification","valueRequired":true,"valueName":"search_term_string"}}],"inLanguage":"es"},{"@type":"Person","@id":"https:\/\/nsvisitacion.archimadrid.es\/#\/schema\/person\/bf9f3add5f922a583053bb0da2b92ae7","name":"admin","image":{"@type":"ImageObject","inLanguage":"es","@id":"https:\/\/nsvisitacion.archimadrid.es\/#\/schema\/person\/image\/","url":"https:\/\/secure.gravatar.com\/avatar\/6b879385884d87ccb9ca4c4dcb003a3e1845dcae24875213cba03032028c27f7?s=96&d=mm&r=g","contentUrl":"https:\/\/secure.gravatar.com\/avatar\/6b879385884d87ccb9ca4c4dcb003a3e1845dcae24875213cba03032028c27f7?s=96&d=mm&r=g","caption":"admin"},"sameAs":["https:\/\/nsvisitacion.archimadrid.es"],"url":"https:\/\/nsvisitacion.archimadrid.es\/index.php\/author\/nsvisitacion_9hghfdky\/"}]}},"featured_image_urls":{"full":"","thumbnail":"","medium":"","medium_large":"","large":"","1536x1536":"","2048x2048":"","morenews-featured":"","morenews-large":"","morenews-medium":""},"author_info":{"display_name":"admin","author_link":"https:\/\/nsvisitacion.archimadrid.es\/index.php\/author\/nsvisitacion_9hghfdky\/"},"category_info":"<a href=\"https:\/\/nsvisitacion.archimadrid.es\/index.php\/category\/avisos\/\" rel=\"category tag\">AVISOS<\/a>","tag_info":"AVISOS","comment_count":"0","_links":{"self":[{"href":"https:\/\/nsvisitacion.archimadrid.es\/index.php\/wp-json\/wp\/v2\/posts\/472","targetHints":{"allow":["GET"]}}],"collection":[{"href":"https:\/\/nsvisitacion.archimadrid.es\/index.php\/wp-json\/wp\/v2\/posts"}],"about":[{"href":"https:\/\/nsvisitacion.archimadrid.es\/index.php\/wp-json\/wp\/v2\/types\/post"}],"author":[{"embeddable":true,"href":"https:\/\/nsvisitacion.archimadrid.es\/index.php\/wp-json\/wp\/v2\/users\/1"}],"replies":[{"embeddable":true,"href":"https:\/\/nsvisitacion.archimadrid.es\/index.php\/wp-json\/wp\/v2\/comments?post=472"}],"version-history":[{"count":1,"href":"https:\/\/nsvisitacion.archimadrid.es\/index.php\/wp-json\/wp\/v2\/posts\/472\/revisions"}],"predecessor-version":[{"id":474,"href":"https:\/\/nsvisitacion.archimadrid.es\/index.php\/wp-json\/wp\/v2\/posts\/472\/revisions\/474"}],"wp:attachment":[{"href":"https:\/\/nsvisitacion.archimadrid.es\/index.php\/wp-json\/wp\/v2\/media?parent=472"}],"wp:term":[{"taxonomy":"category","embeddable":true,"href":"https:\/\/nsvisitacion.archimadrid.es\/index.php\/wp-json\/wp\/v2\/categories?post=472"},{"taxonomy":"post_tag","embeddable":true,"href":"https:\/\/nsvisitacion.archimadrid.es\/index.php\/wp-json\/wp\/v2\/tags?post=472"}],"curies":[{"name":"wp","href":"https:\/\/api.w.org\/{rel}","templated":true}]}}